{"id":950,"date":"2021-03-17T10:08:57","date_gmt":"2021-03-17T10:08:57","guid":{"rendered":"https:\/\/www.cped-egalite.fr\/?p=950"},"modified":"2021-03-18T13:50:25","modified_gmt":"2021-03-18T13:50:25","slug":"minutes-and-videos-of-the-6th-national-day-of-lesr-egalite-missions-insa-rouen-november-19-2020","status":"publish","type":"post","link":"https:\/\/www.cped-egalite.fr\/en\/compte-rendu-et-videos-de-la-6e-journee-nationale-des-missions-egalite-de-lesr-insa-rouen-19-novembre-2020\/","title":{"rendered":"Report and videos from the 6th national day of ESR equality missions (INSA Rouen, November 20, 2020)"},"content":{"rendered":"<div class=\"wp-block-image\"><figure class=\"aligncenter\"><img loading=\"lazy\" decoding=\"async\" width=\"212\" height=\"300\" src=\"https:\/\/www.cped-egalite.fr\/wp-content\/uploads\/2020\/11\/mesri_a4_affiche_-20nov20_v3-212x300.jpg\" alt=\"\" class=\"wp-image-917\" srcset=\"https:\/\/www.cped-egalite.fr\/wp-content\/uploads\/2020\/11\/mesri_a4_affiche_-20nov20_v3-212x300.jpg 212w, https:\/\/www.cped-egalite.fr\/wp-content\/uploads\/2020\/11\/mesri_a4_affiche_-20nov20_v3-768x1086.jpg 768w, https:\/\/www.cped-egalite.fr\/wp-content\/uploads\/2020\/11\/mesri_a4_affiche_-20nov20_v3-724x1024.jpg 724w, https:\/\/www.cped-egalite.fr\/wp-content\/uploads\/2020\/11\/mesri_a4_affiche_-20nov20_v3-610x863.jpg 610w, https:\/\/www.cped-egalite.fr\/wp-content\/uploads\/2020\/11\/mesri_a4_affiche_-20nov20_v3-1080x1528.jpg 1080w, https:\/\/www.cped-egalite.fr\/wp-content\/uploads\/2020\/11\/mesri_a4_affiche_-20nov20_v3.jpg 1838w\" sizes=\"(max-width: 212px) 100vw, 212px\" \/><\/figure><\/div>\n\n\n\n<p>On November 20, the 6th National Equality Day for Higher Education and Research (ESR) took place. <strong>An event - exceptionally online - hosted by INSA Rouen and co-organized by CPED with<\/strong> the French Ministry of Higher Education, Research and Innovation (<strong>MESRI<\/strong>), the Conf\u00e9rence des Pr\u00e9sidents d'Universit\u00e9 (<strong>CPU<\/strong>), the Conf\u00e9rence des Directeurs des Ecoles Fran\u00e7aises d'Ing\u00e9nieurs (<strong>CDEFI<\/strong>), the Conf\u00e9rence des Grandes Ecoles (<strong>CGE<\/strong>), and the Institut National d'Etudes D\u00e9mographiques (<strong>INED<\/strong>).\u00a0<br><\/p>\n\n\n\n<p><strong>This year's event focused on \"Dealing with gender-based violence (GBV) and discrimination in higher education and research\", and was attended by over 400 people.&nbsp;<\/strong><\/p>\n\n\n\n<p style=\"text-align:left\">In particular, CPED led the round table discussion <strong>\"Example of reporting and treatment systems for SGBV and discrimination within the ESR\". <\/strong>and participated in VSS Formation's time dedicated to<strong> \"Disciplinary handling of situations involving SGBV and discrimination\".<\/strong><\/p>\n\n\n\n<p style=\"text-align:center\"><strong><a href=\"https:\/\/www.enseignementsup-recherche.gouv.fr\/cid154924\/6eme-journee-des-missions-egalite-de-l-esr-la-prise-en-charge-des-violences-sexistes-et-sexuelles-et-des-discriminations-au-sein-de-l-esr.html\" target=\"_blank\" rel=\"noreferrer noopener\" aria-label=\"PRESENTATION AND PROGRAM ON THE MESRI WEBSITE (opens in a new tab)\">PRESENTATION AND PROGRAM ON THE MESRI WEBSITE<\/a><\/strong><\/p>\n\n\n\n<p style=\"text-align:center\"><strong><a href=\"https:\/\/www.canal-u.tv\/producteurs\/dgesip_a_mipnes\/egalite_et_lutte_contre_les_discriminations\/6e_journee_nationale_des_missions_egalite_1_6_la_prise_en_charge_des_violences_sexistes_et_sexuelles_et_des_discriminations_au_sein_de_l_esr#\" target=\"_blank\" rel=\"noreferrer noopener\" aria-label=\"SEE ROUND TABLE VIDEOS (opens in a new tab)\">SEE THE VIDEOS OF THE ROUND TABLES<\/a><\/strong><\/p>\n\n\n\n<p><\/p>\n\n\n\n<div class=\"wp-block-file aligncenter\"><a href=\"https:\/\/www.cped-egalite.fr\/wp-content\/uploads\/2021\/03\/Compte-rendu-de-la-6e-journe\u0301e-nationale-des-missions-e\u0301galite\u0301-de-lESR-INSA-Rouen-nov-2020-1.pdf\"><strong>WRITTEN REPORT OF THE DAY'S DISCUSSIONS<\/strong><br><br><\/a><a href=\"https:\/\/www.cped-egalite.fr\/wp-content\/uploads\/2021\/03\/Compte-rendu-de-la-6e-journe\u0301e-nationale-des-missions-e\u0301galite\u0301-de-lESR-INSA-Rouen-nov-2020-1.pdf\" class=\"wp-block-file__button\" download>Download<\/a><\/div>","protected":false},"excerpt":{"rendered":"<p>On November 20, the 6th edition of the national day of equality missions in higher education and research (ESR) took place. An event - exceptionally online - hosted by INSA Rouen, and which CPED co-organized with the French Ministry of Higher Education, Research and Innovation (MESRI), the...<\/p>","protected":false},"author":4,"featured_media":0,"comment_status":"closed","ping_status":"closed","sticky":true,"template":"","format":"standard","meta":{"_acf_changed":false,"_et_pb_use_builder":"","_et_pb_old_content":"","_et_gb_content_width":"","footnotes":""},"categories":[19,1,15],"tags":[106,28,82,79,23,24,39],"class_list":["post-950","post","type-post","status-publish","format-standard","hentry","category-actualites","category-bilan-et-rapports","category-violences","tag-discriminations","tag-mesri","tag-ministere-de-lenseignement-superieur-et-de-la-recherche","tag-procedure-disciplinaire","tag-violences-sexistes-et-sexuelles","tag-vss","tag-vss-formation"],"acf":[],"_links":{"self":[{"href":"https:\/\/www.cped-egalite.fr\/en\/wp-json\/wp\/v2\/posts\/950","targetHints":{"allow":["GET"]}}],"collection":[{"href":"https:\/\/www.cped-egalite.fr\/en\/wp-json\/wp\/v2\/posts"}],"about":[{"href":"https:\/\/www.cped-egalite.fr\/en\/wp-json\/wp\/v2\/types\/post"}],"author":[{"embeddable":true,"href":"https:\/\/www.cped-egalite.fr\/en\/wp-json\/wp\/v2\/users\/4"}],"replies":[{"embeddable":true,"href":"https:\/\/www.cped-egalite.fr\/en\/wp-json\/wp\/v2\/comments?post=950"}],"version-history":[{"count":4,"href":"https:\/\/www.cped-egalite.fr\/en\/wp-json\/wp\/v2\/posts\/950\/revisions"}],"predecessor-version":[{"id":958,"href":"https:\/\/www.cped-egalite.fr\/en\/wp-json\/wp\/v2\/posts\/950\/revisions\/958"}],"wp:attachment":[{"href":"https:\/\/www.cped-egalite.fr\/en\/wp-json\/wp\/v2\/media?parent=950"}],"wp:term":[{"taxonomy":"category","embeddable":true,"href":"https:\/\/www.cped-egalite.fr\/en\/wp-json\/wp\/v2\/categories?post=950"},{"taxonomy":"post_tag","embeddable":true,"href":"https:\/\/www.cped-egalite.fr\/en\/wp-json\/wp\/v2\/tags?post=950"}],"curies":[{"name":"wp","href":"https:\/\/api.w.org\/{rel}","templated":true}]}}