{"id":273,"date":"2018-12-07T14:30:35","date_gmt":"2018-12-07T14:30:35","guid":{"rendered":"https:\/\/www.cped-egalite.fr\/?p=273"},"modified":"2020-05-22T14:38:54","modified_gmt":"2020-05-22T14:38:54","slug":"cped-network-establishments-mobilized-for-november-25-international-day-for-the-elimination-of-violence-against-women","status":"publish","type":"post","link":"https:\/\/www.cped-egalite.fr\/en\/les-etablissements-du-reseau-cped-mobilises-autour-du-25-novembre-journee-internationale-pour-lelimination-des-violences-envers-les-femmes\/","title":{"rendered":"CPED establishments mobilize around November 25, International Day for the Elimination of Violence against Women"},"content":{"rendered":"<p>[et_pb_section fb_built=\u00a0\u00bb1&Prime; admin_label=\u00a0\u00bbsection\u00a0\u00bb _builder_version=\u00a0\u00bb3.0.47&Prime;][et_pb_row admin_label=\u00a0\u00bbrow\u00a0\u00bb _builder_version=\u00a0\u00bb3.0.48&Prime; background_size=\u00a0\u00bbinitial\u00a0\u00bb background_position=\u00a0\u00bbtop_left\u00a0\u00bb background_repeat=\u00a0\u00bbrepeat\u00a0\u00bb][et_pb_column type=\u00a0\u00bb4_4&Prime; _builder_version=\u00a0\u00bb3.0.47&Prime; parallax=\u00a0\u00bboff\u00a0\u00bb parallax_method=\u00a0\u00bbon\u00a0\u00bb][et_pb_text admin_label=\u00a0\u00bbText\u00a0\u00bb _builder_version=\u00a0\u00bb3.0.74&Prime; background_size=\u00a0\u00bbinitial\u00a0\u00bb background_position=\u00a0\u00bbtop_left\u00a0\u00bb background_repeat=\u00a0\u00bbrepeat\u00a0\u00bb]<\/p>\n<h1>Les \u00e9tablissements du r\u00e9seau CPED mobilis\u00e9s autour du 25 novembre<\/h1>\n<p><em>Comme chaque ann\u00e9e, la p\u00e9riode entourant le 25 novembre a \u00e9t\u00e9 l\u2019occasion pour de nombreux \u00e9tablissements d\u2019enseignement sup\u00e9rieur et de recherche (ESR) de mobiliser l\u2019ensemble de leur communaut\u00e9 autour de la lutte contre les violences sexistes et sexuelles. Les membres de la CPED n\u2019ont pas manqu\u00e9 \u00e0 l\u2019appel, et ont propos\u00e9 des \u00e9v\u00e9nements aussi diversifi\u00e9s qu\u2019instructifs pour leurs publics respectifs\u00a0: conf\u00e9rences, projections-d\u00e9bats, pi\u00e8ces de th\u00e9\u00e2tre, ateliers\u2026 Au-del\u00e0 de ces \u00e9v\u00e9nements ponctuellement mis en lumi\u00e8re, c\u2019est une v\u00e9ritable politique de fond qui se fait jour et qui irrigue tout au long de l\u2019ann\u00e9e les actions des missions \u00e9galit\u00e9. Nous vous pr\u00e9sentons ici un \u00ab\u00a0tour de France\u00a0\u00bb de leur mobilisation.<\/em><\/p>\n<h2><strong>UNIVERSIT\u00c9 DE BORDEAUX<\/strong><\/h2>\n<h3>Semaine de sensibilisation<\/h3>\n<p>La mission \u00ab\u00a0Parit\u00e9, \u00e9galit\u00e9, diversit\u00e9\u00a0\u00bb, le Bureau de la Vie \u00c9tudiante ainsi que le service culture de l\u2019Universit\u00e9 ont organis\u00e9 une semaine de sensibilisation intitul\u00e9e \u00ab\u00a0Violences contre les femmes\u00a0: manifestations, causes, solutions\u00a0\u00bb du 23 au 30 novembre. En parall\u00e8le de l\u2019exposition de la <a href=\"https:\/\/www.egalite-femmes-hommes.gouv.fr\/lancement-de-la-campagne-stop-aux-violences-sexistes-et-sexuelles-dans-lenseignement-superieur\/\">campagne minist\u00e9rielle sur les violences sexistes et sexuelles dans l\u2019ESR<\/a>, un atelier de sensibilisation avait pour ambition d\u2019enseigner aux \u00e9tudiant-es et personnels de l\u2019Universit\u00e9 comment d\u00e9tecter et r\u00e9agir \u00e0 de telles situations. Enfin, un vernissage-d\u00e9bat \u00ab\u00a0regards crois\u00e9s d\u2019une militante, d\u2019un sociologue et d\u2019une chercheuse engag\u00e9e\u00a0\u00bb a permis d\u2019amorcer un dialogue n\u00e9cessaire \u00e0 partir d\u2019approches compl\u00e9mentaires.<\/p>\n<h2><strong>UNIVERSIT\u00c9 DE BOURGOGNE<\/strong><\/h2>\n<h3>Projection-d\u00e9bat<\/h3>\n<p>Le master 2 \u00ab\u00a0Droit Processuel\u00a0\u00bb a organis\u00e9 une projection-d\u00e9bat du film <em>En Mille morceaux<\/em>, portant sur la justice restaurative. Des acteur-ices du film et des professionnel-les \u00e9taient pr\u00e9sent-es pour enrichir la discussion et r\u00e9pondre aux questions des participant-es. Une initiative in\u00e9dite et bienvenue sur une th\u00e9matique encore confidentielle en France.<\/p>\n<h2><strong>ENSTA BRETAGNE<\/strong><\/h2>\n<h3>Exposition<\/h3>\n<p>L\u2019\u00e9tablissement, nouveau signataire de la lettre d\u2019engagement contre les violences sexistes et sexuelles sign\u00e9e aux c\u00f4t\u00e9s d\u2019autres \u00e9tablissements bretons, a accueilli du 28 novembre au 15 d\u00e9cembre l\u2019exposition <em>Les Iles L\u00e9gitimes<\/em> de l\u2019artiste plasticienne Marie-Claire Raoul. Cette s\u00e9rie photographique compos\u00e9e de 19 clich\u00e9s a \u00e9t\u00e9 produite en 2017 aupr\u00e8s de visiteuses de la Maison Pour Toutes Lcause \u00e0 Brest, un espace associatif de d\u00e9fense des droits des femmes et d\u2019accueil pour les femmes victimes de violences. L\u2019artiste d\u00e9crit son exposition comme suit\u00a0:<\/p>\n<p><em>\u00a0\u00a0\u00a0\u00a0\u00a0\u00a0\u00a0\u00a0\u00a0\u00a0\u00a0 <\/em>\u00ab\u00a0<em>Le titre de la s\u00e9rie \u00ab Les \u00eeles l\u00e9gitimes \u00bb tout en indiquant la singularit\u00e9 et le droit \u00e0 l\u2019existence et au respect de chaque \u00eatre humain, et donc de chaque femme, nous parle de la difficult\u00e9 des femmes \u00e0 trouver leur place dans la soci\u00e9t\u00e9, leur manque de visibilit\u00e9 et leur vuln\u00e9rabilit\u00e9 tant dans le domaine priv\u00e9 que dans l\u2019espace public et professionnel. Il fait allusion \u00e0 l\u2019ill\u00e9gitimit\u00e9 de la parole des femmes qui est toujours mis en doute, et ce d\u2019autant plus lorsqu\u2019il s\u2019agit de t\u00e9moigner des violences qu\u2019elles subissent. Car, malgr\u00e9 l\u2019adoption de la Convention sur l\u2019\u00e9limination de toutes les formes de discrimination \u00e0 l\u2019\u00e9gard des femmes par l\u2019Assembl\u00e9e g\u00e9n\u00e9rale des Nations Unies en 1979, la violence \u00e0 l\u2019\u00e9gard des femmes et des filles reste un probl\u00e8me omnipr\u00e9sent dans le monde. Certains groupes de femmes, dont les femmes appartenant \u00e0 des minorit\u00e9s, les r\u00e9fugi\u00e9es, les femmes migrantes, les femmes sans ressources, les femmes intern\u00e9es, les femmes d\u00e9tenues, les petites filles, les femmes handicap\u00e9es, les femmes \u00e2g\u00e9es et les femmes dans des zones de conflit arm\u00e9, sont particuli\u00e8rement vuln\u00e9rables face \u00e0 cette violence.<\/em>\u00a0\u00bb<\/p>\n<p>Par ailleurs, durant certains cours de 1\u00e8re ann\u00e9e l\u2019ENSTA a men\u00e9 une action surprise avec diffusion d&rsquo;une vid\u00e9o \u00ab\u00a0Domination opprim\u00e9e\u00a0\u00bb et d&rsquo;une autre vid\u00e9o pr\u00e9sentant les chiffres des violences sexistes et sexuelles ainsi que le cadre l\u00e9gal. Ces diffusions ont \u00e9t\u00e9 l&rsquo;occasion d&rsquo;ouvrir un d\u00e9bat avec les \u00e9tudiant-es.<\/p>\n<h2><strong>UNIVERSIT\u00c9 DE BRETAGNE OCCIDENTALE<\/strong><\/h2>\n<h3>Orange Day Champion<\/h3>\n<p>L\u2019Universit\u00e9 a \u00e9t\u00e9 r\u00e9compens\u00e9e, pour la deuxi\u00e8me ann\u00e9e cons\u00e9cutive, du titre \u00ab\u00a0Orange Day Champion\u00a0\u00bb, qui consacre son action en mati\u00e8re d\u2019\u00e9galit\u00e9 femmes-hommes et de lutte contre les violences faites aux femmes. Signataire en 2017 d\u2019une lettre d\u2019engagement contre les violences sexistes et sexuelles aux c\u00f4t\u00e9s d\u2019autres \u00e9tablissements d\u2019enseignement sup\u00e9rieur bretons, elle a par ailleurs r\u00e9affirm\u00e9 cet engagement. Le 3 d\u00e9cembre, l&rsquo;ENIB, l&rsquo;ENSTA-Bretagne et l&rsquo;IMT-Atlantique ont \u00e9t\u00e9 accueilli dans ses locaux en tant que nouveaux signataires.<\/p>\n<h3>\u00c9v\u00e9nements culturels et de recherche<\/h3>\n<p>Des \u00e9v\u00e9nements culturels et de recherche ont \u00e9galement \u00e9t\u00e9 organis\u00e9s\u00a0: le 22 novembre, la journ\u00e9e am\u00e9rindienne de Brest intitul\u00e9e \u00ab Lumi\u00e8res am\u00e9rindiennes : survivance, r\u00e9silience et cr\u00e9ations culturelles \u00bb, le 27 novembre une conf\u00e9rence-table ronde \u00ab\u00a0Violences sexuelles dans le sport: regards crois\u00e9s\u00a0\u00bb retransmise en direct dans 5 autres sites universitaires de la r\u00e9gion et le 30 novembre un s\u00e9minaire exceptionnel \u00ab\u00a0Violences universitaires et rapports de genre\u00a0\u00bb. Des tarifs r\u00e9duits pour les \u00e9tudiant-es et membre du personnel pour la pi\u00e8ce HEDDA sur les violences conjugales ont \u00e9galement \u00e9t\u00e9 propos\u00e9s.<\/p>\n<h3>Marches exploratoires<\/h3>\n<p>Enfin, un projet de marches exploratoires entre femmes sur les campus de l&rsquo;UBO est en cours d&rsquo;organisation.<\/p>\n<p><a href=\"https:\/\/www.univ-brest.fr\/mission-egalite-femmes-hommes\/menu\/Actions\">Pour en savoir plus<\/a> (cliquez sur \u00ab\u00a0<em>22, 27, 30 Novembre et 3 D\u00e9cembre 2018: contre les violences\u00a0<\/em>\u00bb)<\/p>\n<h2><strong>UNIVERSIT\u00c9 CLERMONT AUVERGNE<\/strong><\/h2>\n<h3>Conf\u00e9rence-d\u00e9bat<\/h3>\n<p>Une conf\u00e9rence-d\u00e9bat \u00ab\u00a0Violences \u00e0 l\u2019\u00e9gard des femmes\u00a0: o\u00f9 en est-on\u00a0?\u00a0\u00bb a eu lieu le 26 novembre en pr\u00e9sence d\u2019\u00c9ric Maillaud, Procureur de la R\u00e9publique de Clermont-Ferrand, Genevi\u00e8ve Lombart, militante au Planning Familial Puy-de-D\u00f4me et Vincent Lopez, m\u00e9decin \u00e0 l\u2019unit\u00e9 de victimologie du CHU de Clermont-Ferrand. Elle fut organis\u00e9e et anim\u00e9e par Agn\u00e8s Roche, r\u00e9f\u00e9rente \u00e9galit\u00e9 femmes-hommes de l\u2019\u00e9tablissement.<\/p>\n<h2><strong>UNIVERSIT\u00c9 C\u00d4TE D\u2019AZUR (UCA)<\/strong><\/h2>\n<h3>Orange Day Champion<\/h3>\n<p>S\u2019ajoutant \u00e0 la cr\u00e9ation d\u2019une cellule d\u2019\u00e9coute et d\u2019accompagnement des personnes victimes de violences sexuelles, qui a \u00e9t\u00e9 pr\u00e9sent\u00e9e \u00e0 la rentr\u00e9e 2018, divers \u00e9v\u00e9nements ont \u00e9t\u00e9 pr\u00e9sent\u00e9e \u00e0 la communaut\u00e9 de l\u2019Universit\u00e9.<\/p>\n<h3>Concours photo<\/h3>\n<p>Apr\u00e8s l\u2019obtention du label Orange Day Champion 2018, UCA a lanc\u00e9 du 26 novembre au 10 d\u00e9cembre un concours photo sur Instagram \u00ab\u00a0Tous en orange contre les violences faites aux femmes\u00a0\u00bb. L\u2019UCA est par ailleurs partenaire solidaire de la campagne digitale de sensibilisation contre les violences au sein du couple et pour l\u2019acc\u00e8s aux droits des jeunes victimes lanc\u00e9e par les <a href=\"http:\/\/paca-fr.cidff.info\/\">CIDFF PACA<\/a> sous le mot d\u2019ordre #violencejetequitte.<\/p>\n<h3>Conf\u00e9rences<\/h3>\n<p>Ont \u00e9galement \u00e9t\u00e9 propos\u00e9es deux journ\u00e9es de conf\u00e9rences les 3 et 4 d\u00e9cembre sur \u00ab\u00a0Les r\u00e9ceptions contemporaines de l\u2019\u0153uvre de Simone de Beauvoir\u00a0\u00bb, mais aussi une programmation le 3 d\u00e9cembre de la pi\u00e8ce <em>Game of Sex<\/em>, suivi d\u2019un d\u00e9bat en partenariat avec la Mutualit\u00e9 Fran\u00e7aise. Une pi\u00e8ce sur la sant\u00e9 sexuelle a \u00e9galement permis d\u2019aborder les notions de\u00a0pr\u00e9vention, d\u00e9pistage, contraception, consentement, respect de soi et de l\u2019autre dans la relation.<\/p>\n<h3>DU \u00ab\u00a0Violences fa\u00eetes aux femmes\u00a0\u00bb<\/h3>\n<p>Enfin, l\u2019Universit\u00e9 a ouvert un DU \u00ab\u00a0Violences faites aux femmes\u00a0\u00bb ouvert aux candidatures.<\/p>\n<h2><strong>UNIVERSIT\u00c9 GRENOBLE ALPES (UGA)<\/strong><\/h2>\n<h3>Journ\u00e9e de sensibilisation &#8211; la prostitution<\/h3>\n<p>L\u2019Universit\u00e9 Grenoble Alpes a choisi la th\u00e9matique de la prostitution cette ann\u00e9e en organisant une journ\u00e9e de sensibilisation\u00a0: \u00ab Mieux comprendre le syst\u00e8me prostitutionnel sur notre territoire pour augmenter nos capacit\u00e9s d\u2019action \u00bb. La compagnie En Apart\u00e9 a ainsi pr\u00e9sent\u00e9 sa pi\u00e8ce <em><a href=\"https:\/\/www.univ-grenoble-alpes.fr\/fr\/grandes-missions\/universite\/l-uga-s-engage\/egalite-femmes-hommes-diversite-detention\/actus-evenements\/a-corps-perdu--404687.kjsp\">A Corps Perdu<\/a><\/em>, un monologue de femme qui \u00ab\u00a0met en \u00e9vidence le mensonge selon lequel la femme serait aujourd&rsquo;hui \u00e9mancip\u00e9e et l&rsquo;\u00e9gal de l&rsquo;homme\u00a0\u00bb. Des conf\u00e9rence-d\u00e9bats compl\u00e8tent la journ\u00e9e. L\u2019initiative a \u00e9t\u00e9 co-organis\u00e9e par l\u2019UGA, la Direction D\u00e9partementale de la Coh\u00e9sion Sociale (DDCS) de l\u2019Is\u00e8re, les associations Amicale du Nid et Alth\u00e9a.<\/p>\n<h2><strong>INALCO<\/strong><\/h2>\n<h3>Conf\u00e9rence th\u00e9\u00e2tralis\u00e9e<\/h3>\n<p>La mission \u00e9galit\u00e9 de l&rsquo;Inalco et le r\u00e9seau \u00e9galit\u00e9 d&rsquo;USPC <a href=\"http:\/\/www.inalco.fr\/evenement\/conference-theatralisee-mauvaises-filles\">ont propos\u00e9 le 26 novembre<\/a> une repr\u00e9sentation de la conf\u00e9rence th\u00e9\u00e2tralis\u00e9e <em>Mauvaises filles<\/em>, mont\u00e9e par la compagnie \u00c0 la tomb\u00e9e des nues et soutenue par l&rsquo;Ecole Nationale de Protection Judiciaire de la Jeunesse.<\/p>\n<p>\u00ab\u00a0<em>Les mauvaises filles sont les invisibles de l\u2019histoire. Per\u00e7ues comme des \u00ab\u00a0filles perdues\u00a0\u00bb au XIXe si\u00e8cle, enferm\u00e9es dans les Bon-Pasteur, les adolescentes insoumises, sous le regard de la justice des mineurs au XXe si\u00e8cle se muent en \u00ab\u00a0rebelles\u00a0\u00bb. Archives in\u00e9dites \u00e0 l\u2019appui, cet \u00e9v\u00e9nement in\u00e9dit entre conf\u00e9rence universitaire et performance th\u00e9\u00e2trale donne des visages et des voix \u00e0 ces dissidentes.<\/em>\u00a0\u00bb<\/p>\n<h2><strong>UNIVERSIT\u00c9 LE HAVRE \u2013 NORMANDIE<\/strong><\/h2>\n<h3>Campagne d&rsquo;information et de pr\u00e9vention sur le harc\u00e8lement sexuel<\/h3>\n<p>Pour la deuxi\u00e8me ann\u00e9e cons\u00e9cutive, pour permettre aux \u00e9tudiant.es de prendre connaissance de l\u2019existence de la cellule d\u2019\u00e9coute, de suivi, d\u2019analyse et de m\u00e9diation (CESAM), cr\u00e9\u00e9e en 2017, un groupe de travail a imagin\u00e9 une campagne d\u2019information et de pr\u00e9vention sur le harc\u00e8lement sexuel. Cette derni\u00e8re a \u00e9t\u00e9 diffus\u00e9e \u00e0 partir du 19 novembre sous forme de cartes postales double-face et de badges, veillant \u00e0 inclure les \u00e9tudiant-es internationaux et internationales en proposant des supports en fran\u00e7ais et en anglais.<\/p>\n<p><a href=\"https:\/\/www.univ-lehavre.fr\/spip.php?article1984\">Plus d&rsquo;informations ici<\/a><\/p>\n<h3>Animation harc\u00e8lement de rue<\/h3>\n<p>Une animation a \u00e9galement \u00e9t\u00e9 organis\u00e9e en parall\u00e8le, \u00e0 l\u2019initiative d\u2019une \u00e9tudiante du P\u00f4le International de Management de l\u2019universit\u00e9 (Estelle Girerd), en collaboration avec la Pr\u00e9sidence, le service culturel et le service commun de documentation de l\u2019universit\u00e9. En r\u00e9pondant \u00e0 la question \u00ab\u00a0que faites-vous au quotidien pour vous prot\u00e9ger des violences sexistes et sexuelles\u00a0? \u00bb sur un grand tableau divis\u00e9 en deux colonnes \u00ab\u00a0hommes\u00a0\u00bb et \u00ab\u00a0femmes\u00a0\u00bb, les \u00e9tudiant-es sont par ce biais invit\u00e9-es \u00e0 s\u2019interroger sur l\u2019impact du harc\u00e8lement de rue sur la vie quotidienne des femmes.<\/p>\n<h3>Orange Day Champion<\/h3>\n<p>Ces initiatives en faveur de la lutte contre les violences faites aux femmes ont permis \u00e0 l\u2019\u00e9tablissement d\u2019obtenir le titre de \u00ab\u00a0Orange Day Champion\u00a0\u00bb en 2017 et 2018, d\u00e9cern\u00e9 par le comit\u00e9 ONU Femmes France.<\/p>\n<h2><strong>UNIVERSIT\u00c9 DE LIMOGES<\/strong><\/h2>\n<h3>Harc\u00e8lement de rue<\/h3>\n<p>Une demi-journ\u00e9e de rencontre et discussions sur le th\u00e8me du harc\u00e8lement sexiste et sexuel dans la rue et \u00e0 l&rsquo;universit\u00e9 a eu lieu le 6 d\u00e9cembre. Cette manifestation a permis de lancer le dispositif d&rsquo;accueil et d&rsquo;accompagnement des victimes de harc\u00e8lement sexuel et sexiste \u00e0 l&rsquo;universit\u00e9.<\/p>\n<p><a href=\"https:\/\/www.unilim.fr\/events\/event\/le-harcelement-sexiste-et-sexuel-dans-la-rue-et-a-luniversite\/\">En savoir plus sur le programme de l\u2019\u00e9v\u00e9nement<\/a><\/p>\n<h2><strong>UNIVERSIT\u00c9 DU LITTORAL COTE D\u2019OPALE<\/strong><\/h2>\n<h3>CELLULE D&rsquo;ECOUTE<\/h3>\n<p>La mission \u00e9galit\u00e9 de l\u2019Universit\u00e9 a organis\u00e9, avec l&rsquo;infirmi\u00e8re et le m\u00e9decin \u2013 membres de la cellule d&rsquo;\u00e9coute contre les violences sexistes et sexuelles \u2013 des rencontres avec les \u00e9tudiant-es.<\/p>\n<p>Par ailleurs, des affiches ont \u00e9t\u00e9 appos\u00e9es dans l&rsquo;universit\u00e9 et des flyers ont \u00e9t\u00e9 distribu\u00e9s. Ces supports ont permis de diffuser largement des pr\u00e9conisations en cas d&rsquo;agression sexuelle ainsi que les coordonn\u00e9es des lieux de prise en charge universitaires et locaux.<\/p>\n<h2><strong>INSA LYON <\/strong><\/h2>\n<h3>GENRE &#8230; ON EN PARLE ?<\/h3>\n<p>A l&rsquo;INSA Lyon, l&rsquo;Institut Gaston Berger a propos\u00e9 4 dates cl\u00e9s \u00e0 l\u2019occasion du 25 novembre, dans la lign\u00e9 de son cycle 2018-2019 d&rsquo;\u00e9v\u00e9nements \u00ab\u00a0Genre &#8230; on en parle ?\u00a0\u00bb. Table-ronde, stage d&rsquo;autod\u00e9fense, th\u00e9\u00e2tre d&rsquo;improvisation et projection d&rsquo;un film sont au programme, en plus d&rsquo;une vaste campagne d&rsquo;affichage sur le campus et d&rsquo;un focus sur des ouvrages d\u00e9di\u00e9s dans la biblioth\u00e8que.<\/p>\n<p><a href=\"http:\/\/institut-gaston-berger.insa-lyon.fr\/content\/genre-en-parle\">Plus d\u2019informations ici<\/a><\/p>\n<h2><strong>UNIVERSIT\u00c9 DE LORRAINE<\/strong><\/h2>\n<h3>Apr\u00e8s-midi de r\u00e9flexion et d&rsquo;\u00e9changes consacr\u00e9s aux violences comportementales, sexistes et sexuelles<\/h3>\n<p>Le 22 novembre, le coll\u00e9gium sant\u00e9, ses facult\u00e9s pr\u00e9sentes sur le campus sant\u00e9-Brabois, ainsi que la mission \u00e9galit\u00e9-diversit\u00e9 de l\u2019Universit\u00e9 de Lorraine se sont associ\u00e9s pour proposer une \u00ab\u00a0apr\u00e8s-midi de r\u00e9flexion et d&rsquo;\u00e9changes consacr\u00e9s aux violences comportementales, sexistes et sexuelles\u00a0\u00bb. Elle a d\u00e9but\u00e9 par un th\u00e9\u00e2tre-forum produit par la compagnie Synergies Th\u00e9\u00e2tre, suivi d\u2019une table ronde.<\/p>\n<p>La table ronde s\u2019est conclue par une synth\u00e8se des r\u00e9flexions de l\u2019apr\u00e8s-midi, dans l\u2019optique de proposer des pistes de travail \u00e0 moyen terme.<\/p>\n<p>Vous pouvez lire une interview de Pascal Tisserant, vice-pr\u00e9sident d\u00e9l\u00e9gu\u00e9 \u00e0 l\u2019\u00e9galit\u00e9 et \u00e0 la diversit\u00e9 ici\u00a0: \u00ab\u00a0<a href=\"http:\/\/factuel.univ-lorraine.fr\/node\/9729\">Journ\u00e9e internationale de lutte contre les violences faites aux femmes : 3 questions \u00e0 Pascal Tisserant\u00a0<\/a>\u00bb.<\/p>\n<h2><strong>UNIVERSIT\u00c9 LYON 3<\/strong><\/h2>\n<h3>LECTURE DE CONTE<\/h3>\n<p>L\u2019\u00e9tablissement s\u2019est mobilis\u00e9 sous de multiples formes autour de la lutte contre les violences faites aux femmes, en particulier par une lecture de conte \u00ab\u00a0Barbe bleu interrog\u00e9\u00a0\u00bb durant laquelle \u00c9dith Lombardi, psychologue clinicienne et conteuse, a pu d\u00e9cortiquer les ressorts de la domination masculine qui jalonnent de nombreux r\u00e9cits canoniques pour enfants. Ont \u00e9galement \u00e9t\u00e9 propos\u00e9s une pi\u00e8ce de th\u00e9\u00e2tre <em>Projet H, manuel de combat<\/em> par la compagnie Le Lien Th\u00e9\u00e2tre, une conf\u00e9rence \u00ab\u00a0Violences conjugales et parentalit\u00e9\u00a0\u00bb avec \u00c9douard Durand, Magistrat (juge des enfants au TGI de Bobigny) et membre du Haut Conseil \u00e0 l\u2019\u00e9galit\u00e9 entre les femmes et les hommes. Enfin, un stand d\u2019information et d\u2019animation sur les violences sexistes dans l\u2019enseignement sup\u00e9rieur \u00e9tait pr\u00e9sent pour r\u00e9pondre aux interrogations des \u00e9tudiant-es.<\/p>\n<p><a href=\"http:\/\/www.univ-lyon3.fr\/journee-internationale-de-lutte-contre-les-violences-faites-aux-femmes-1192057.kjsp?RH=INS-ACCUEIL\">Consulter le programme d\u00e9taill\u00e9<\/a><\/p>\n<h2><strong>UNIVERSIT\u00c9 DU MANS<\/strong><\/h2>\n<p>CELLULE DE VEILLE CONTRE LES VIOLENCES SEXISTES OU SEXUELLES<\/p>\n<p>Le mois de novembre a \u00e9t\u00e9 l\u2019occasion pour l\u2019Universit\u00e9 du Mans de lancer sa Cellule de Veille contre les Violences Sexistes ou Sexuelles (V2S), assortie d\u2019une campagne d\u2019affichage en partenariat avec <a href=\"https:\/\/www.anef.org\/\">l\u2019ANEF<\/a> et la CPED, avec le soutien du Minist\u00e8re de l\u2019Enseignement sup\u00e9rieur, de la Recherche et de l\u2019Innovation.<\/p>\n<p><a href=\"http:\/\/www.univ-lemans.fr\/fr\/actualites\/agenda2018\/novembre2018\/violences-sexistes-et-sexuelles-dites-stop.html\">En savoir plus sur la Cellule V2S<\/a><\/p>\n<h2><strong>UNIVERSIT\u00c9 DE NANTES<\/strong><\/h2>\n<h3>Le cerveau a-t-il un sexe?<\/h3>\n<p>L\u2019Universit\u00e9 de Nantes a choisi de communiquer sur la questions des violences faites aux femmes d\u00e9but 2019, l\u2019occasion de lancer sa cellule d\u2019\u00e9coute et d\u2019accueil. Fin novembre, c\u2019est la question des st\u00e9r\u00e9otypes de genre qui a \u00e9t\u00e9 choisie, avec la conf\u00e9rence de la neurobiologiste et chercheuse au CNRS Catherine Vidal intitul\u00e9e <a href=\"https:\/\/www.univ-nantes.fr\/espace-presse\/conference-catherine-vidal-le-cerveau-a-t-il-un-sexe-inscrivez-vous--2233475.kjsp\">\u00ab\u00a0Le cerveau a-t-il un sexe\u00a0?\u00a0\u00bb<\/a>, et qui a amass\u00e9 plus de 700 pr\u00e9inscriptions.<\/p>\n<h2><strong>INSA RENNES<\/strong><\/h2>\n<h3>Orange Day Champion &#8211; semaine de lutte contre les VSS<\/h3>\n<p>L\u2019INSA Rennes, laur\u00e9at 2018 du label \u00ab\u00a0<a href=\"http:\/\/www.onufemmes.fr\/orange-day-champions-2018\/\">Orange Day Champion\u00a0<\/a>\u00bb d\u00e9cern\u00e9 par le Comit\u00e9 ONU Femmes France, s\u2019est engag\u00e9 dans une semaine de lutte contre les violences sexistes et sexuelles du lundi 26 au vendredi 30 novembre. Un programme d\u2019animations (projections, expositions, tables rondes\u2026) \u00e9labor\u00e9 par la mission Egalit\u00e9 Femmes\/Hommes et les \u00e9tudiant-es du Club INSAtisfait(e)s, en partenariat avec le Club Impro et le Club Cin\u00e9.\u00a0 L\u2019objectif est de sensibiliser \u00e9tudiant-es et personnels \u00e0 la probl\u00e9matique du sexisme et des violences sexistes et sexuelles, au quotidien, dans les contextes professionnel et de l\u2019enseignement sup\u00e9rieur.<\/p>\n<p>Consulter le programme d\u00e9taill\u00e9<\/p>\n<h2><strong>SCIENCES PO PARIS<\/strong><\/h2>\n<h3>Campagne de sensibilisation sur le harc\u00e8lement sexuel<\/h3>\n<p>Une campagne de sensibilisation sur le harc\u00e8lement sexuel et d\u2019information sur la cellule de veille et d\u2019\u00e9coute a \u00e9t\u00e9 lanc\u00e9e le 23 novembre. 4 affiches (deux en fran\u00e7ais, deux en anglais) pr\u00e9sentant un \u00e9change par sms\/chat \u00e9voquant 4 situations ambigu\u00ebs et diff\u00e9rentes pouvant mener \u00e0 contacter la cellule, mais aussi 2 affiches d\u2019information g\u00e9n\u00e9rale sur les missions et l\u2019accompagnement propos\u00e9 par la cellule ont \u00e9t\u00e9 placard\u00e9 dans des points cl\u00e9s sur tous les campus de l\u2019\u00e9cole. A noter\u00a0: certaines de ces affiches ont \u00e9t\u00e9 diffus\u00e9es dans les toilettes, espace ferm\u00e9 dans lequel on ne craint pas de noter un mail ou un t\u00e9l\u00e9phone indiqu\u00e9 sur une affiche ; chose plus compliqu\u00e9e dans un espace public. Cette disposition a \u00e9t\u00e9 recommand\u00e9e \u00e0 l\u2019issue d\u2019une r\u00e9flexion men\u00e9e avec les associations \u00e9tudiantes, qui a soulign\u00e9 le besoin de discr\u00e9tion. L\u2019int\u00e9gralit\u00e9 du projet a d\u2019ailleurs \u00e9t\u00e9 pens\u00e9e en concertation avec les associations \u00e9tudiantes permanentes et repr\u00e9sentatives.<\/p>\n<h2><strong>SORBONNE UNIVERSIT\u00c9 \u2013 Facult\u00e9 des Lettres<\/strong><\/h2>\n<h3>Exposition \u00ab\u00a0Crocodiles\u00a0\u00bb<\/h3>\n<p>L\u2019exposition \u00ab\u00a0Crocodiles\u00a0\u00bb, histoires de harc\u00e8lement et de sexisme ordinaire mises en BD par Juliette Boutant et Thomas Mathieu, a \u00e9t\u00e9 pr\u00e9sent\u00e9e sur deux sites universitaires \u00e0 l\u2019initiative de la mission \u00e9galit\u00e9 \u2013 lutte contre les discriminations de la Facult\u00e9 des Lettres\u00a0:<\/p>\n<p>\u00ab\u00a0<em>Dans Crocodiles, Thomas Mathieu et Juliette Boutant racontent le harc\u00e8lement sexuel et le sexisme ordinaire dont sont victimes les femmes \u00e0 partir de t\u00e9moignages qui leur sont confi\u00e9s. Dans les planches, les d\u00e9cors et les personnages f\u00e9minins sont trait\u00e9s en noir et blanc de mani\u00e8re r\u00e9aliste tandis que les hommes sont repr\u00e9sent\u00e9s sous la forme de crocodiles verts. Le lecteur ou la lectrice est invit\u00e9 \u00e0 \u00e9pouser le point de vue de la femme qui t\u00e9moigne et \u00e0 questionner le comportement des crocodiles, particuli\u00e8rement quand ils endossent le r\u00f4le st\u00e9r\u00e9otyp\u00e9 de dragueurs\/pr\u00e9dateurs\/dominants. Tout le monde est concern\u00e9 et invit\u00e9 \u00e0 prendre part, puisque les crocodiles n\u2019ont pas de traits distinctifs, ni d\u2019\u00e2ge, ni d\u2019origine, ni de classe.<\/em>\u00a0\u00bb<\/p>\n<p>\u00c9galement, un m\u00e9mo d&rsquo;accompagnement des situations de harc\u00e8lement sexiste, sexuel et discriminatoires a \u00e9t\u00e9 diffus\u00e9 largement \u00e0 toute la communaut\u00e9 en octobre et mis en ligne sur le site de l\u2019\u00e9tablissement\u00a0: <a href=\"http:\/\/lettres.sorbonne-universite.fr\/IMG\/pdf\/memoharcelement-102018-2.pdf\">cliquez ici pour le consulter<\/a>.<\/p>\n<h2><strong>UNIVERSIT\u00c9 PARIS DESCARTES<\/strong><\/h2>\n<h3>Intrusion et Jalousie est une preuve d&rsquo;amour<\/h3>\n<p>La mission \u00c9galit\u00e9 Femmes-Hommes et le r\u00e9seau \u00e9galit\u00e9 USPC ont propos\u00e9 le 26 novembre deux interventions et animations con\u00e7ues par la compagnie Synergies Th\u00e9\u00e2tre\u00a0: <em>Intrusion<\/em> et <em>a jalousie est une preuve d\u2019amour<\/em>. Ces deux \u0153uvres ont permis plusieurs axes de d\u00e9bat, tels que l\u2019identification des formes de violences \u2013 harc\u00e8lement sexuel pour le premier, violences au sein du couple pour le deuxi\u00e8me \u2013 et des pistes pour r\u00e9agir en tant que victime ou t\u00e9moin.<\/p>\n<p><a href=\"https:\/\/infos.parisdescartes.fr\/actualites\/theatre-forum-questions-de-genre\/\">En savoir plus sur les animations th\u00e9\u00e2trales<\/a><\/p>\n<h2><strong>UNIVERSIT\u00c9 PARIS-EST CR\u00c9TEIL<\/strong><\/h2>\n<h3>Exposition \u00ab\u00a0mon archive du f\u00e9minisme\u00a0\u00bb<\/h3>\n<p>La biblioth\u00e8que accueille en ce moment une exposition sur le f\u00e9minisme et ses combats au XX\u00e8me si\u00e8cle, \u00ab\u00a0Mon archive du f\u00e9minisme\u00a0\u00bb, du 15 novembre au 15 d\u00e9cembre :<\/p>\n<p><a href=\"http:\/\/bibliotheque.u-pec.fr\/vos-bibliotheques\/scd\/vie-culturelle\/zooms-sur-\/zoom-sur-le-feminisme-et-ses-combats-au-xxie-siecle-871873.kjsp?RH=SCD_FR\">En savoir plus<\/a><\/p>\n<h2><strong>UNIVERSIT\u00c9 PARIS-EST MARNE-LA-VALL\u00c9E<\/strong><\/h2>\n<h3>Exposition &#8211; 50 ans du MLF<\/h3>\n<p>Une exposition sur les 50 ans du Mouvement de Lib\u00e9ration des Femmes (MLF) se baladera jusqu\u2019en mars 2019 dans les diff\u00e9rents b\u00e2timents de l&rsquo;universit\u00e9. Elle sera ensuite pr\u00eat\u00e9e aux \u00e9tablissements du site.<\/p>\n<p><a href=\"http:\/\/www.u-pem.fr\/universite\/evenements\/evenements\/evenement\/3093\/luniversite-accueille-une-exposition-sur-la-naissance-du-mouvement-de-liberation-des-femmes\/\">Renseignements compl\u00e9mentaires et calendrier d\u00e9taill\u00e9 ici.<\/a><\/p>\n<h2><strong>UNIVERSIT\u00c9 PARIS-SACLAY<\/strong><\/h2>\n<h3>Semaine d&rsquo;actions de sensibilisation<\/h3>\n<p>Du 26 au 30 novembre, les \u00e9tablissements de l&rsquo;Universit\u00e9 Paris-Saclay se sont engag\u00e9s contre les violences sexistes et sexuelles au travers d&rsquo;actions de sensibilisation, dans la continuit\u00e9 de la campagne 2017 \u00ab\u00a0Stop Harc\u00e8lement\u00a0\u00bb. Au programme\u00a0: <em>A tir d&rsquo;elles<\/em>, un spectacle du collectif Sangs M\u00eal\u00e9s suivi d\u2019un \u00e9change avec la salle, une projection-d\u00e9bat du documentaire <em>Sexe sans consentement<\/em> r\u00e9alis\u00e9 par Delphine Dhilly et Blandine Grosjean, suivi d\u2019un d\u00e9bat avec la cellule de veille, une campagne d\u2019affichage \u00e0 partir des visuels du <a href=\"https:\/\/clasches.fr\/\">CLASCHES<\/a> et un quiz en ligne pour tester ses connaissances sur les violences sexistes et sexuelles.<\/p>\n<p><a href=\"https:\/\/www.universite-paris-saclay.fr\/fr\/actualite\/semaine-de-lutte-contre-les-violences-sexistes-et-sexuelles\">Consulter la page d\u00e9di\u00e9e<\/a><\/p>\n<h2><strong>Universit\u00e9 Paris Nanterre<\/strong><\/h2>\n<p>Deux \u00e9v\u00e8nements ont \u00e9t\u00e9 mis en place \u00e0 l&rsquo;Universit\u00e9 Paris Nanterre\u00a0:<\/p>\n<ul>\n<li>\u00a0Une journ\u00e9e de mobilisation contre les violences sexistes et sexuelles le 22 novembre, articul\u00e9e autour de diff\u00e9rents moments tels qu\u2019une \u00ab\u00a0patrouille des parapluies\u00a0\u00bb, stands d&rsquo;associations, conf\u00e9rence d&rsquo;information, exposition\u2026 <span><a href=\"https:\/\/mission-egalite-f-h.parisnanterre.fr\/accueil\/retour-sur-evenement-journee-de-mobilisation-contre-les-violences-sexistes-et-sexuelles-879301.kjsp?RH=1339581107180\">Pour en savoir plus, cliquez ici<\/a><\/span>.<\/li>\n<li>\u00a0La participation d&rsquo;une \u00e9quipe mixte (\u00e9tudiant-es, personnel enseignant et administratif, pr\u00e9sident) \u00e0 la Nuit des Relais, \u00e9v\u00e9nement sportif et de collecte de fonds organis\u00e9 par la Fondation des femmes. L\u2019Universit\u00e9 Paris Nanterre \u00e9tait ainsi la toute premi\u00e8re universit\u00e9 \u00e0 y pr\u00e9senter une \u00e9quipe.<\/li>\n<\/ul>\n<p>Vous pouvez regarder un r\u00e9sum\u00e9 des temps forts de ces \u00e9v\u00e9nements sur la <span><a href=\"https:\/\/www.youtube.com\/watch?time_continue=81&amp;v=HWcIfJysXXQ\">cha\u00eene Youtube de Paris Nanterre<\/a><\/span>.<\/p>\n<h2><strong>ENS RENNES <\/strong><\/h2>\n<h3>Orange Day Champion &#8211; sensibilisation<\/h3>\n<p>Apr\u00e8s avoir re\u00e7u le titre d&rsquo;\u00ab\u00a0Orange Day Champion\u00a02018\u00a0\u00bb le 23 novembre, l&rsquo;ENS de Rennes profite de la semaine du 26 au 30 novembre pour communiquer et sensibiliser sur les violences sexistes et sexuelles, \u00e0 travers un appel \u00e0 t\u00e9moignages, une campagne d&rsquo;affichages, une distribution de badges \u00ab\u00a0Non au harc\u00e8lement\u00a0\u00bb et de plaquettes d\u2019information. Le 27, une table ronde sur les violences faites aux femmes dans le milieu sportif a \u00e9t\u00e9 retransmise depuis l&rsquo;Universit\u00e9 de Bretagne Occidentale. Le 28, une projection-d\u00e9bat des court-m\u00e9trages <em>Consent<\/em> de Florent Sabatier et de <em>T&rsquo;as vu comme tu me regardes ?<\/em> d&rsquo;Emma Gassie a elle \u00e9t\u00e9 organis\u00e9e par le groupe \u00e9tudiant ConvergENS.<\/p>\n<p><a href=\"https:\/\/www.facebook.com\/events\/283067129015599\/permalink\/283081355680843\/\">Plus d&rsquo;informations sur la page Facebook de la semaine<\/a><\/p>\n<h2><strong>UNIVERSIT\u00c9 DE LA R\u00c9UNION<\/strong><\/h2>\n<h3>Semaine de lutte contre les VSS<\/h3>\n<p>A l\u2019Universit\u00e9 de la R\u00e9union, la mobilisation autour de la lutte contre les violences sexistes et sexuelles s\u2019est \u00e9tendue du 26 au 30 novembre, avec une extension les 7 et 8 d\u00e9cembre 2018. Des th\u00e9matiques aussi vari\u00e9es que l\u2019inceste, les violences dans l\u2019espace public, ou encore les femmes et l\u2019addiction ont \u00e9t\u00e9 abord\u00e9es par le biais de conf\u00e9rences, projections, pi\u00e8ces de th\u00e9\u00e2tre et d\u00e9bats.<\/p>\n<p><a href=\"http:\/\/www.univ-reunion.fr\/acces-directs-page-accueil\/page-accueil-lien-direct-services\/pole-egalite\/\">Consulter la page du P\u00f4le \u00c9galit\u00e9<\/a><\/p>\n<p>Consulter le programme complet<\/p>\n<h2><strong>UNIVERSIT\u00c9 DE VERSAILLES SAINT-QUENTIN-EN-YVELINES (UVSQ)<\/strong><\/h2>\n<h3>Documentaire &#8211; \u00ab\u00a0Sexe sans consentement\u00a0\u00bb<\/h3>\n<p>L&rsquo;UVSQ a obtenu via l\u2019Universit\u00e9 de Paris-Saclay les droits pour diffuser le documentaire <em>Sexe sans consentement<\/em> r\u00e9alis\u00e9 par Delphine Dhilly et Blandine Grosjean. Cette diffusion a \u00e9t\u00e9 suivie d&rsquo;un \u00e9change entre la salle et la cellule de veille (vice-pr\u00e9sidente parit\u00e9-\u00e9galit\u00e9, m\u00e9decin du SUMPPS, assistante sociale du CROUS). L&rsquo;association Interassos a \u00e9galement administr\u00e9 un quizz sur les violences sexistes et sexuelles r\u00e9alis\u00e9 par l&rsquo;ENS Cachan et mis \u00e0 disposition des \u00e9tablissements de la COMUE Saclay.<\/p>\n<h2><strong>UNIVERSIT\u00c9 TOULOUSE III \u2013 PAUL SABATIER<\/strong><\/h2>\n<h3>Pi\u00e8ce de th\u00e9\u00e2tre : \u00ab\u00a0Faut S&rsquo;Tenir\u00a0\u00bb<\/h3>\n<p>Apr\u00e8s avoir accueilli \u00ab\u00a0La Part Egale\u00a0\u00bb il y a 2 ans, le P\u00f4le Culture et la mission pour la Responsabilit\u00e9 Soci\u00e9tale de l&rsquo;Universit\u00e9 Toulouse III Paul Sabatier ont eu le plaisir d&rsquo;accueillir la nouvelle cr\u00e9ation de Chlo\u00e9 Martin de\u00a0<a href=\"http:\/\/www.ladamedecompagnie.com\/?fbclid=IwAR0583Lcp4-PE3WOQmNoxeXjCSX5quUTT5E488ngCcfR7t7P5NrRXw-Ui0o\">La D&rsquo;\u00c2me de Compagnie<\/a>, intitul\u00e9e <em>Faut S&rsquo;Tenir<\/em>, dans le cadre de la journ\u00e9e internationale pour l&rsquo;\u00e9limination de la violence \u00e0 l&rsquo;\u00e9gard des femmes.<\/p>\n<h3>Formations et auto-d\u00e9fense<\/h3>\n<p>L\u2019\u00e9tablissement a aussi mis en place des actions de formation dispens\u00e9e par l\u2019Association europ\u00e9enne contre les violences faites aux femmes au travail (<a href=\"http:\/\/www.avft.org\/\">AVFT<\/a>), ainsi que des ateliers d\u2019auto-d\u00e9fense par l\u2019association toulousaine <a href=\"http:\/\/www.faireface-autodefense.fr\/\">Faire Face<\/a>.<\/p>\n<h2><strong>UNIVERSIT\u00c9 DE STRASBOURG (UNISTRA)<\/strong><\/h2>\n<p>L\u2019\u00e9tablissement se distingue par un calendrier funeste, le 25 novembre correspondant \u00e0 l\u2019Universit\u00e9 de Strasbourg au jour de la m\u00e9moire de la rafle nazie.<\/p>\n<p>Les \u00e9v\u00e9nements li\u00e9s \u00e0 la journ\u00e9e internationale pour l\u2019\u00e9limination des violences faites aux femmes y sont donc l\u00e9g\u00e8rement d\u00e9cal\u00e9s en date\u00a0: le 16 novembre a donc \u00e9t\u00e9 organis\u00e9 un atelier de sensibilisation et de pr\u00e9sentation du dispositif de lutte contre le harc\u00e8lement sexuel, les propos sexistes et l\u2019homophobie de l\u2019Unistra.\u00a0 Il fut destin\u00e9 aux 72 directeurs et directrices d&rsquo;unit\u00e9 de recherches, aux 36 directeurs et directrices des services centraux, aux 35 directeurs et directrices des composantes d&rsquo;enseignement, aux responsables des associations \u00e9tudiantes inscrites \u00e0 l&rsquo;Universit\u00e9, et aux assistantes sociales et directeurs et directrices des cit\u00e9s universit\u00e9s du CROUS.<\/p>\n<p>Le 4 d\u00e9cembre, une table ronde de discussion sur les VSS et, l\u00e0 encore, de pr\u00e9sentation du dispositif est cette fois destin\u00e9e aux \u00e9tudiant-es faisant partie du r\u00e9seau\u00a0 \u00ab\u00a0Etudiant-relais\u00a0\u00bb. Ces deux r\u00e9seaux \u00ab\u00a0\u00c9tudiant-relais Campus\u00a0\u00bb et \u00ab\u00a0\u00c9tudiant-relais Cit\u00e9\u00a0\u00bb, pilot\u00e9s l&rsquo;un par le SUMPS (actuel SSU) et l&rsquo;autre par le CROUS, ont pour mission de rentrer en contact avec l&rsquo;ensemble des \u00e9tudiant-e-s pour les aider dans leurs difficult\u00e9s quotidiennes \u00e0 l&rsquo;Universit\u00e9 (relais-Campus) ou dans les cit\u00e9s universitaires (relais-Cit\u00e9).<\/p>\n<p>\u00a0Enfin, l\u2019Universit\u00e9 a \u00e9t\u00e9 partenaire du OFF du Forum mondial de la D\u00e9mocratie. Organis\u00e9 par l&rsquo;Eurom\u00e9tropole et la ville de Strasbourg, il a port\u00e9 cette ann\u00e9e sur le th\u00e8me \u00ab\u00a0Femmes-Hommes : m\u00eame combat ?\u00a0\u00bb.<\/p>\n<h2><strong>UNIVERSIT\u00c9 DE TOURS<\/strong><\/h2>\n<h3>Orange Day Champion &#8211; atelier d&rsquo;\u00e9criture th\u00e9\u00e2trale &#8211; cin\u00e9-d\u00e9bat<\/h3>\n<p>L\u2019Universit\u00e9 a choisi la premi\u00e8re quinzaine de d\u00e9cembre pour lancer ses actions de sensibilisation aux violences faites aux femmes. Sacr\u00e9e \u00ab\u00a0Orange Day Champion 2018\u00a0\u00bb par la Comit\u00e9 ONU Femmes France, elle a choisi l\u2019orange comme couleur officielle de la campagne \u00ab\u00a0pour symboliser l\u2019espoir d\u2019un avenir meilleur et d\u2019un monde plus juste, sans violences \u00e0 l\u2019encontre des femmes et des filles\u00a0\u00bb. Un atelier d\u2019\u00e9criture th\u00e9\u00e2trale sur les violences faites aux femmes a \u00e9t\u00e9 propos\u00e9 aux \u00e9tudiant-es, ainsi qu\u2019un cin\u00e9-d\u00e9bat autour du film documentaire <em>Affaire priv\u00e9e<\/em> de Patric Jean.<\/p>\n<p>[\/et_pb_text][\/et_pb_column][\/et_pb_row][\/et_pb_section]<\/p>\n","protected":false},"excerpt":{"rendered":"<p>CPED network establishments mobilized around November 25 As every year, the period surrounding November 25 was an opportunity for many higher education and research establishments (ESR) to mobilize their entire community around the fight against sexist and sexual violence. The members of CPED have not...<\/p>","protected":false},"author":4,"featured_media":274,"comment_status":"closed","ping_status":"closed","sticky":false,"template":"","format":"standard","meta":{"_acf_changed":false,"_et_pb_use_builder":"on","_et_pb_old_content":"","_et_gb_content_width":"","footnotes":""},"categories":[19,15],"tags":[],"class_list":["post-273","post","type-post","status-publish","format-standard","has-post-thumbnail","hentry","category-actualites","category-violences"],"acf":[],"_links":{"self":[{"href":"https:\/\/www.cped-egalite.fr\/en\/wp-json\/wp\/v2\/posts\/273","targetHints":{"allow":["GET"]}}],"collection":[{"href":"https:\/\/www.cped-egalite.fr\/en\/wp-json\/wp\/v2\/posts"}],"about":[{"href":"https:\/\/www.cped-egalite.fr\/en\/wp-json\/wp\/v2\/types\/post"}],"author":[{"embeddable":true,"href":"https:\/\/www.cped-egalite.fr\/en\/wp-json\/wp\/v2\/users\/4"}],"replies":[{"embeddable":true,"href":"https:\/\/www.cped-egalite.fr\/en\/wp-json\/wp\/v2\/comments?post=273"}],"version-history":[{"count":10,"href":"https:\/\/www.cped-egalite.fr\/en\/wp-json\/wp\/v2\/posts\/273\/revisions"}],"predecessor-version":[{"id":300,"href":"https:\/\/www.cped-egalite.fr\/en\/wp-json\/wp\/v2\/posts\/273\/revisions\/300"}],"wp:featuredmedia":[{"embeddable":true,"href":"https:\/\/www.cped-egalite.fr\/en\/wp-json\/wp\/v2\/media\/274"}],"wp:attachment":[{"href":"https:\/\/www.cped-egalite.fr\/en\/wp-json\/wp\/v2\/media?parent=273"}],"wp:term":[{"taxonomy":"category","embeddable":true,"href":"https:\/\/www.cped-egalite.fr\/en\/wp-json\/wp\/v2\/categories?post=273"},{"taxonomy":"post_tag","embeddable":true,"href":"https:\/\/www.cped-egalite.fr\/en\/wp-json\/wp\/v2\/tags?post=273"}],"curies":[{"name":"wp","href":"https:\/\/api.w.org\/{rel}","templated":true}]}}