{"id":1298,"date":"2023-03-30T07:41:08","date_gmt":"2023-03-30T07:41:08","guid":{"rendered":"https:\/\/www.cped-egalite.fr\/?p=1298"},"modified":"2023-04-03T12:51:47","modified_gmt":"2023-04-03T12:51:47","slug":"in-memory-of-cecile-poisson","status":"publish","type":"post","link":"https:\/\/www.cped-egalite.fr\/en\/en-memoire-de-cecile-poisson\/","title":{"rendered":"In memory of C\u00e9cile Poisson"},"content":{"rendered":"<p>On Monday March 20, 2023, CPED was deeply saddened to learn of the death of one of our colleagues, C\u00e9cile Poisson, a teacher-researcher at Gustave Eiffel University, murdered by her ex-husband. <\/p>\n\n\n\n<p>She was one of the University's equality sentinels, a network set up by its Mission \u00c9galit\u00e9 to step up the prevention of, among other things, gender-based violence. We are dismayed and deeply saddened by this unbearable death, which reminds us of the need to wage a daily battle with our students and colleagues to prevent feminicide.<\/p>\n\n\n\n<p>The entire university community, and in particular that of the equality officers, is deeply saddened and would like to express its most sincere condolences to her family, colleagues and students. CPED has compiled all the messages received in this way in a collection in memory of C\u00e9cile Poisson:<\/p>\n\n\n\n<figure class=\"wp-block-image aligncenter size-large is-resized\"><a href=\"https:\/\/drive.google.com\/file\/d\/1BtebLi5aSf8vu0qvlVAN_00XjLd0nI_J\/view?usp=sharing\"><img loading=\"lazy\" decoding=\"async\" src=\"https:\/\/www.cped-egalite.fr\/wp-content\/uploads\/2023\/03\/Capture-decran-2023-03-30-a-15.37.05-726x1024.png\" alt=\"\" class=\"wp-image-1311\" width=\"314\" height=\"442\"\/><\/a><figcaption class=\"wp-element-caption\">Click on the image to view the collection<\/figcaption><\/figure>\n\n\n\n<p><\/p>\n\n\n\n<p>You can also find <a href=\"https:\/\/www.univ-gustave-eiffel.fr\/luniversite\/pages-speciales\/vue-detaillee\/feminicide-de-notre-collegue-cecile-hussherr-poisson-luniversite-gustave-eiffel-en-deuil\">Femmage de C\u00e9cile Poisson par l'Universit\u00e9 Gustave Eiffel<\/a><\/p>\n\n\n\n<p><\/p>","protected":false},"excerpt":{"rendered":"<p>On Monday March 20, 2023, CPED was deeply saddened to learn of the death of one of our colleagues, C\u00e9cile Poisson, a teacher-researcher at Gustave Eiffel University, murdered by her ex-husband. She was one of the University's \"equality sentinels\", a network set up by its Mission \u00c9galit\u00e9 to intensify the prevention of, among other things, violence...<\/p>","protected":false},"author":4,"featured_media":0,"comment_status":"closed","ping_status":"open","sticky":false,"template":"","format":"standard","meta":{"_acf_changed":false,"_et_pb_use_builder":"off","_et_pb_old_content":"<!-- wp:paragraph -->\n<p>Le lundi 20 mars 2023, c\u2019est avec une douloureuse \u00e9motion que la CPED a appris la mort d\u2019une de nos coll\u00e8gues, C\u00e9cile Poisson, enseignante-chercheuse \u00e0 l\u2019Universit\u00e9 Gustave Eiffel, assassin\u00e9e par son ex-mari. <\/p>\n<!-- \/wp:paragraph -->\n\n<!-- wp:paragraph -->\n<p>Elle \u00e9tait une des sentinelles \u00e9galit\u00e9 de cette Universit\u00e9, r\u00e9seau tiss\u00e9 par sa Mission \u00c9galit\u00e9 pour densifier la pr\u00e9vention, entre autres, des violences sexistes. Nous sommes constern\u00e9\u00b7es et consid\u00e9rablement attrist\u00e9\u00b7es par cette mort insupportable qui nous rappelle la n\u00e9cessit\u00e9 du combat \u00e0 mener au quotidien aupr\u00e8s de nos \u00e9tudiantes et de nos \u00e9tudiants, comme aupr\u00e8s de nos coll\u00e8gues pour pr\u00e9venir les f\u00e9minicides.<\/p>\n<!-- \/wp:paragraph -->\n\n<!-- wp:paragraph -->\n<p>Toute la communaut\u00e9 universitaire, et plus particuli\u00e8rement celle des charg\u00e9\u00b7es de mission \u00e9galit\u00e9 est boulevers\u00e9e et a tenu \u00e0 \u00e0 adresser \u00e0 ses proches, ses coll\u00e8gues et ses \u00e9tudiant\u00b7es ses plus sinc\u00e8res condol\u00e9ances. La CPED a rassembl\u00e9 tous les messages re\u00e7us en ce sens dans un recueil, en m\u00e9moire de C\u00e9cile Poisson. <\/p>\n<!-- \/wp:paragraph -->\n\n<!-- wp:file {\"id\":1299,\"href\":\"https:\/\/www.cped-egalite.fr\/wp-content\/uploads\/2023\/03\/Condoleances-CPED-Cecile-Poisson-3.pdf\",\"displayPreview\":true} -->\n<div class=\"wp-block-file\"><object class=\"wp-block-file__embed\" data=\"https:\/\/www.cped-egalite.fr\/wp-content\/uploads\/2023\/03\/Condoleances-CPED-Cecile-Poisson-3.pdf\" type=\"application\/pdf\" style=\"width:100%;height:600px\" aria-label=\"Condol\u00e9ances de la CPED\"><\/object><a id=\"wp-block-file--media-591163b0-23d2-47f1-843c-93114d27d36a\" href=\"https:\/\/www.cped-egalite.fr\/wp-content\/uploads\/2023\/03\/Condoleances-CPED-Cecile-Poisson-3.pdf\">Condol\u00e9ances de la CPED<\/a><a href=\"https:\/\/www.cped-egalite.fr\/wp-content\/uploads\/2023\/03\/Condoleances-CPED-Cecile-Poisson-3.pdf\" class=\"wp-block-file__button wp-element-button\" download aria-describedby=\"wp-block-file--media-591163b0-23d2-47f1-843c-93114d27d36a\">T\u00e9l\u00e9charger<\/a><\/div>\n<!-- \/wp:file -->\n\n<!-- wp:paragraph -->\n<p><a href=\"https:\/\/www.univ-gustave-eiffel.fr\/luniversite\/pages-speciales\/vue-detaillee\/feminicide-de-notre-collegue-cecile-hussherr-poisson-luniversite-gustave-eiffel-en-deuil\">Le femmage de C\u00e9cile Poisson par l'Universit\u00e9 Gustave Eiffel<\/a><\/p>\n<!-- \/wp:paragraph -->\n\n<!-- wp:paragraph -->\n<p><\/p>\n<!-- \/wp:paragraph -->","_et_gb_content_width":"","footnotes":""},"categories":[19,13,15],"tags":[25,23,24],"class_list":["post-1298","post","type-post","status-publish","format-standard","hentry","category-actualites","category-personnels","category-violences","tag-cped","tag-violences-sexistes-et-sexuelles","tag-vss"],"acf":[],"_links":{"self":[{"href":"https:\/\/www.cped-egalite.fr\/en\/wp-json\/wp\/v2\/posts\/1298","targetHints":{"allow":["GET"]}}],"collection":[{"href":"https:\/\/www.cped-egalite.fr\/en\/wp-json\/wp\/v2\/posts"}],"about":[{"href":"https:\/\/www.cped-egalite.fr\/en\/wp-json\/wp\/v2\/types\/post"}],"author":[{"embeddable":true,"href":"https:\/\/www.cped-egalite.fr\/en\/wp-json\/wp\/v2\/users\/4"}],"replies":[{"embeddable":true,"href":"https:\/\/www.cped-egalite.fr\/en\/wp-json\/wp\/v2\/comments?post=1298"}],"version-history":[{"count":10,"href":"https:\/\/www.cped-egalite.fr\/en\/wp-json\/wp\/v2\/posts\/1298\/revisions"}],"predecessor-version":[{"id":1317,"href":"https:\/\/www.cped-egalite.fr\/en\/wp-json\/wp\/v2\/posts\/1298\/revisions\/1317"}],"wp:attachment":[{"href":"https:\/\/www.cped-egalite.fr\/en\/wp-json\/wp\/v2\/media?parent=1298"}],"wp:term":[{"taxonomy":"category","embeddable":true,"href":"https:\/\/www.cped-egalite.fr\/en\/wp-json\/wp\/v2\/categories?post=1298"},{"taxonomy":"post_tag","embeddable":true,"href":"https:\/\/www.cped-egalite.fr\/en\/wp-json\/wp\/v2\/tags?post=1298"}],"curies":[{"name":"wp","href":"https:\/\/api.w.org\/{rel}","templated":true}]}}