{"id":1132,"date":"2022-01-05T09:46:05","date_gmt":"2022-01-05T09:46:05","guid":{"rendered":"https:\/\/www.cped-egalite.fr\/?p=1132"},"modified":"2022-01-05T09:46:22","modified_gmt":"2022-01-05T09:46:22","slug":"cp-renewal-of-the-cped-executive-committee-and-board-of-directors","status":"publish","type":"post","link":"https:\/\/www.cped-egalite.fr\/en\/cp-renouvellement-du-bureau-et-du-conseil-dadministration-de-la-cped\/","title":{"rendered":"CP: Renewal of CPED's Executive Committee and Board of Directors"},"content":{"rendered":"<p><strong>The Conf\u00e9rence Permanente des Charg\u00e9s de Mission \u00c9galit\u00e9-Diversit\u00e9 de l'Enseignement Sup\u00e9rieur (CPED) held an Extraordinary General Meeting on December 3, 2021.<\/strong><\/p>\n\n\n\n<p>The members of the association elected their new<strong> Office<\/strong>for a 4-year term. The Board is composed of :<\/p>\n\n\n\n<ul class=\"wp-block-list\"><li><strong>Philippe Liotard<\/strong> (U. Lyon 1), Chairman<\/li><li><strong>Anne Schneider<\/strong> (U.\n     Caen-Normandie), Secretary<\/li><li><strong>Didier Chavrier<\/strong> (U.\n     Orl\u00e9ans), Treasurer and Vice-President in charge of Partnerships<\/li><li><strong>V\u00e9ronique Van de Bor<\/strong> (U. Nice),\n     Deputy Treasurer and Vice-President, Training and HR<\/li><li><strong>Anne-Sophie Godfroy<\/strong> (U.\n     Paris-Est Cr\u00e9teil), Vice-President, Research<\/li><li><strong>Isabelle Kraus<\/strong> (U.\n     Strasbourg), Vice-President Europe<\/li><li><strong>Pascal Tisserant<\/strong> (U.\n     Lorraine), Vice-President for Transition<\/li><\/ul>\n\n\n\n<p>The Annual General Meeting also renewed the<strong> Board of Directors<\/strong>composed of :<strong><br><\/strong><\/p>\n\n\n\n<ul class=\"wp-block-list\"><li><strong>Didier Chavrier<\/strong>University of Orl\u00e9ans<\/li><li><strong>Ang\u00e9lina Etiemble<\/strong>University of Le Mans<\/li><li><strong>Anne-Sophie Godfroy<\/strong>Paris-Est Cr\u00e9teil University<\/li><li><strong>Isabelle Kraus<\/strong>University of Strasbourg<\/li><li><strong>Philippe Liotard<\/strong>University of Lyon 1<\/li><li><strong>Abdenacer Makhlouf<\/strong>University of Haute-Alsace<\/li><li><strong>Marion Paoletti<\/strong>University of Bordeaux<\/li><li><strong>Anne Schneider<\/strong>University of Caen Normandie<\/li><li><strong>Pascal Tisserant<\/strong>University of Lorraine<\/li><li><strong>V\u00e9ronique Van de Bor<\/strong>Universit\u00e9 C\u00f4te d'Azur<\/li><\/ul>\n\n\n\n<p>The governing bodies of CPED would like to thank our members for their renewed confidence. The growing focus on gender equality in the workplace, the fight against sexist and sexual violence and discrimination, has led to a broadening of our association's activities. <strong>The Bureau has taken the measure of these changes by structuring itself around new strategic areas of work, as shown by these new job titles<\/strong>.<\/p>\n\n\n\n<p><\/p>\n\n\n\n<div class=\"wp-block-file aligncenter\"><a href=\"https:\/\/www.cped-egalite.fr\/wp-content\/uploads\/2022\/01\/CP-CPED-Renouvellement-Bureau-et-CA-Janvier-2022.pdf\"><strong>CP CPED Renewal of the Executive Committee and Board of Directors - January 2022<\/strong><\/a><a href=\"https:\/\/www.cped-egalite.fr\/wp-content\/uploads\/2022\/01\/CP-CPED-Renouvellement-Bureau-et-CA-Janvier-2022.pdf\" class=\"wp-block-file__button\" download>Download<\/a><\/div>","protected":false},"excerpt":{"rendered":"<p>The Conf\u00e9rence Permanente des Charg\u00e9s de Mission \u00c9galit\u00e9-Diversit\u00e9 de l'Enseignement Sup\u00e9rieur (CPED) held its Extraordinary General Meeting on December 3, 2021. The members of the association elected their new Bureau, for a 4-year term. The Board is composed of : Philippe Liotard (U. Lyon 1), Chairman Anne Schneider (U....<\/p>","protected":false},"author":4,"featured_media":0,"comment_status":"closed","ping_status":"open","sticky":true,"template":"","format":"standard","meta":{"_acf_changed":false,"_et_pb_use_builder":"","_et_pb_old_content":"","_et_gb_content_width":"","footnotes":""},"categories":[19],"tags":[109,137,107,108,25],"class_list":["post-1132","post","type-post","status-publish","format-standard","hentry","category-actualites","tag-actualite-de-la-cped","tag-assemblee-generale","tag-bureau-cped","tag-ca-cped","tag-cped"],"acf":[],"_links":{"self":[{"href":"https:\/\/www.cped-egalite.fr\/en\/wp-json\/wp\/v2\/posts\/1132","targetHints":{"allow":["GET"]}}],"collection":[{"href":"https:\/\/www.cped-egalite.fr\/en\/wp-json\/wp\/v2\/posts"}],"about":[{"href":"https:\/\/www.cped-egalite.fr\/en\/wp-json\/wp\/v2\/types\/post"}],"author":[{"embeddable":true,"href":"https:\/\/www.cped-egalite.fr\/en\/wp-json\/wp\/v2\/users\/4"}],"replies":[{"embeddable":true,"href":"https:\/\/www.cped-egalite.fr\/en\/wp-json\/wp\/v2\/comments?post=1132"}],"version-history":[{"count":2,"href":"https:\/\/www.cped-egalite.fr\/en\/wp-json\/wp\/v2\/posts\/1132\/revisions"}],"predecessor-version":[{"id":1135,"href":"https:\/\/www.cped-egalite.fr\/en\/wp-json\/wp\/v2\/posts\/1132\/revisions\/1135"}],"wp:attachment":[{"href":"https:\/\/www.cped-egalite.fr\/en\/wp-json\/wp\/v2\/media?parent=1132"}],"wp:term":[{"taxonomy":"category","embeddable":true,"href":"https:\/\/www.cped-egalite.fr\/en\/wp-json\/wp\/v2\/categories?post=1132"},{"taxonomy":"post_tag","embeddable":true,"href":"https:\/\/www.cped-egalite.fr\/en\/wp-json\/wp\/v2\/tags?post=1132"}],"curies":[{"name":"wp","href":"https:\/\/api.w.org\/{rel}","templated":true}]}}